{"id":6,"date":"2016-05-20T08:01:09","date_gmt":"2016-05-20T08:01:09","guid":{"rendered":"http:\/\/raratheme.com\/preview\/benevolent\/?p=6"},"modified":"2022-12-16T10:21:49","modified_gmt":"2022-12-16T13:21:49","slug":"homepage","status":"publish","type":"post","link":"https:\/\/labea.ufpr.br\/caocomunitario\/2016\/05\/20\/homepage\/","title":{"rendered":"<span style=\"color: #000000;\">Programa C\u00e3o Comunit\u00e1rio<\/span>"},"content":{"rendered":"<p>O programa C\u00e3o Comunit\u00e1rio busca estreitar la\u00e7os entre c\u00e3es de rua e mantenedores, promovendo melhorias. Entretanto, \u00e9 pouco difundido, o que enseja interpreta\u00e7\u00f5es equivocadas, as quais por sua vez podem culminar em posicionamentos sem base te\u00f3rica adequada. O presente projeto alia o design em prol do bem-estar \u00fanico, envolvendo o bem-estar de c\u00e3es de rua e a sa\u00fade p\u00fablica. O objetivo \u00e9 a gera\u00e7\u00e3o e dissemina\u00e7\u00e3o de conhecimento entre a comunidade acad\u00eamica e a sociedade em geral. Assim, indiv\u00edduos pr\u00f3ximos aos c\u00e3es poder\u00e3o oferecer melhores cuidados, melhorando a qualidade de vida dos animais e da comunidade, constituindo assim um avan\u00e7o em termos de bem-estar \u00fanico. Este projeto de extens\u00e3o pretende divulgar o conhecimento desenvolvido em v\u00e1rios trabalhos do LABEA, como por exemplo trabalhos de conclus\u00e3o de curso, disserta\u00e7\u00f5es e teses, por meio de um ambiente interativo, em um site.<code><\/code><\/p>\n","protected":false},"excerpt":{"rendered":"<p><span style=\"color: #000000;\">Mesmo n\u00e3o estando sob seu teto, voc\u00ea pode am\u00e1-lo como seu.<\/span><\/p>\n","protected":false},"author":1,"featured_media":0,"comment_status":"closed","ping_status":"closed","sticky":false,"template":"","format":"standard","meta":{"_mi_skip_tracking":false},"categories":[1],"tags":[],"acf":[],"_links":{"self":[{"href":"https:\/\/labea.ufpr.br\/caocomunitario\/wp-json\/wp\/v2\/posts\/6"}],"collection":[{"href":"https:\/\/labea.ufpr.br\/caocomunitario\/wp-json\/wp\/v2\/posts"}],"about":[{"href":"https:\/\/labea.ufpr.br\/caocomunitario\/wp-json\/wp\/v2\/types\/post"}],"author":[{"embeddable":true,"href":"https:\/\/labea.ufpr.br\/caocomunitario\/wp-json\/wp\/v2\/users\/1"}],"replies":[{"embeddable":true,"href":"https:\/\/labea.ufpr.br\/caocomunitario\/wp-json\/wp\/v2\/comments?post=6"}],"version-history":[{"count":13,"href":"https:\/\/labea.ufpr.br\/caocomunitario\/wp-json\/wp\/v2\/posts\/6\/revisions"}],"predecessor-version":[{"id":1537,"href":"https:\/\/labea.ufpr.br\/caocomunitario\/wp-json\/wp\/v2\/posts\/6\/revisions\/1537"}],"wp:attachment":[{"href":"https:\/\/labea.ufpr.br\/caocomunitario\/wp-json\/wp\/v2\/media?parent=6"}],"wp:term":[{"taxonomy":"category","embeddable":true,"href":"https:\/\/labea.ufpr.br\/caocomunitario\/wp-json\/wp\/v2\/categories?post=6"},{"taxonomy":"post_tag","embeddable":true,"href":"https:\/\/labea.ufpr.br\/caocomunitario\/wp-json\/wp\/v2\/tags?post=6"}],"curies":[{"name":"wp","href":"https:\/\/api.w.org\/{rel}","templated":true}]}}